[{"@context":"https:\/\/schema.org\/","@type":"Article","@id":"https:\/\/www.jeki.cz\/francuzsko-ako-na-dlani\/#Article","mainEntityOfPage":"https:\/\/www.jeki.cz\/francuzsko-ako-na-dlani\/","headline":"Franc\u00fazsko ako na dlani","name":"Franc\u00fazsko ako na dlani","description":"Stalo sa pre V\u00e1s Franc\u00fazsko viac ne\u017e len krajinou v z\u00e1padnej Eur\u00f3pe? Znamen\u00e1 pre V\u00e1s nie\u010do viac ako ostatn\u00e9 zahrani\u010dn\u00e9...","datePublished":"2024-11-26","dateModified":"2024-11-26","author":{"@type":"Person","@id":"https:\/\/www.jeki.cz\/author\/#Person","name":"","url":"https:\/\/www.jeki.cz\/author\/","identifier":1,"image":{"@type":"ImageObject","@id":"https:\/\/secure.gravatar.com\/avatar\/4eaadff62661a2c38386085c87f88f683e575f9fda122ff8560bf1208996f3c5?s=96&d=mm&r=g","url":"https:\/\/secure.gravatar.com\/avatar\/4eaadff62661a2c38386085c87f88f683e575f9fda122ff8560bf1208996f3c5?s=96&d=mm&r=g","height":96,"width":96}},"publisher":{"@type":"Organization","name":"jeki.cz","logo":{"@type":"ImageObject","@id":"\/logo.png","url":"\/logo.png","width":600,"height":60}},"url":"https:\/\/www.jeki.cz\/francuzsko-ako-na-dlani\/","wordCount":170,"articleBody":"Stalo sa pre V\u00e1s Franc\u00fazsko viac ne\u017e len krajinou v z\u00e1padnej Eur\u00f3pe? Znamen\u00e1 pre V\u00e1s nie\u010do viac ako ostatn\u00e9 zahrani\u010dn\u00e9 krajiny? M\u00e1te na t\u00fato krajinu pekn\u00e9 spomienky alebo ste vo Franc\u00fazsku pre\u017eili mlados\u0165, alebo prekr\u00e1snu a nezabudnute\u013en\u00fa dovolenku? Pripome\u0148te si ju aj doma pomocou dominanty Franc\u00fazska. Eiffelovu ve\u017eu si je mo\u017en\u00e9 u n\u00e1s objedna\u0165 z na\u0161ej bohatej kolekcie obrazov na stenu, v r\u00f4znom farebnom preveden\u00ed, od \u017eltej, oran\u017eovej, \u010dervenej, fialovej, modrej, zelenej alebo hnedej. Mo\u017eno vyu\u017ei\u0165 \u010diernobiele, alebo naopak viacfarebn\u00e9 prevedenie. Zmena je \u017eivot Tie\u017e star\u0161\u00ed dom m\u00f4\u017ee vyzera\u0165 moderne. Vyho\u010fte star\u00e9 obrazy a vyme\u0148te ich za nov\u00e9. Jednodielne, dvojdielne alebo trojdielne si m\u00f4\u017eete u n\u00e1s vybra\u0165. Farebn\u00e1 \u0161k\u00e1la je tie\u017e obrovsk\u00e1 a preto m\u00f4\u017eete vybera\u0165 tak, aby ste zladili na\u0161e v\u00fdrobky s farebn\u00fdm preveden\u00edm Va\u0161ich miestnost\u00ed a v\u0161etko dohromady pekne ladilo.                                                                                                                                                                                                                                                                                                                                                                                        3.3\/5 - (3 votes)        "},{"@context":"https:\/\/schema.org\/","@type":"BreadcrumbList","itemListElement":[{"@type":"ListItem","position":1,"name":"Franc\u00fazsko ako na dlani","item":"https:\/\/www.jeki.cz\/francuzsko-ako-na-dlani\/#breadcrumbitem"}]}]