[{"@context":"https:\/\/schema.org\/","@type":"Article","@id":"https:\/\/www.jeki.cz\/ekonomicka-krize-africkych-zemi-a-jeji-koreny-v-kolonizaci-i-kulture\/#Article","mainEntityOfPage":"https:\/\/www.jeki.cz\/ekonomicka-krize-africkych-zemi-a-jeji-koreny-v-kolonizaci-i-kulture\/","headline":"Ekonomick\u00e1 krize africk\u00fdch zem\u00ed a jej\u00ed ko\u0159eny v kolonizaci i kultu\u0159e","name":"Ekonomick\u00e1 krize africk\u00fdch zem\u00ed a jej\u00ed ko\u0159eny v kolonizaci i kultu\u0159e","description":"Zem\u011b t\u0159et\u00edho sv\u011bta, mezi kter\u00e9 spad\u00e1 v\u011bt\u0161ina africk\u00fdch zem\u00ed, \u00faporn\u011b z\u00e1pol\u00ed s\u00a0ekonomick\u00fdmi p\u0159edpoklady, kter\u00e9 je znev\u00fdhod\u0148uj\u00ed v\u00a0porovn\u00e1n\u00edm s\u00a0ostatn\u00edmi zem\u011bmi. Jejich...","datePublished":"2025-07-19","dateModified":"2025-07-19","author":{"@type":"Person","@id":"https:\/\/www.jeki.cz\/author\/#Person","name":"","url":"https:\/\/www.jeki.cz\/author\/","identifier":1,"image":{"@type":"ImageObject","@id":"https:\/\/secure.gravatar.com\/avatar\/4eaadff62661a2c38386085c87f88f683e575f9fda122ff8560bf1208996f3c5?s=96&d=mm&r=g","url":"https:\/\/secure.gravatar.com\/avatar\/4eaadff62661a2c38386085c87f88f683e575f9fda122ff8560bf1208996f3c5?s=96&d=mm&r=g","height":96,"width":96}},"publisher":{"@type":"Organization","name":"jeki.cz","logo":{"@type":"ImageObject","@id":"\/logo.png","url":"\/logo.png","width":600,"height":60}},"image":{"@type":"ImageObject","@id":"https:\/\/www.jeki.cz\/wp-content\/uploads\/img_a334258_w2669_t1547915814.jpg","url":"https:\/\/www.jeki.cz\/wp-content\/uploads\/img_a334258_w2669_t1547915814.jpg","height":0,"width":0},"url":"https:\/\/www.jeki.cz\/ekonomicka-krize-africkych-zemi-a-jeji-koreny-v-kolonizaci-i-kulture\/","wordCount":434,"articleBody":"Zem\u011b t\u0159et\u00edho sv\u011bta, mezi kter\u00e9 spad\u00e1 v\u011bt\u0161ina africk\u00fdch zem\u00ed, \u00faporn\u011b z\u00e1pol\u00ed s\u00a0ekonomick\u00fdmi p\u0159edpoklady, kter\u00e9 je znev\u00fdhod\u0148uj\u00ed v\u00a0porovn\u00e1n\u00edm s\u00a0ostatn\u00edmi zem\u011bmi. Jejich historie, nerozlu\u010dn\u011b spojen\u00e1 s\u00a0otroctv\u00edm, chudobou a ob\u010dansk\u00fdmi spory, v\u00fdrazn\u011b ovlivnila jejich mo\u017enosti na ekonomick\u00fd r\u016fst, a neust\u00e1vaj\u00edc\u00ed proces globalizace jejich mo\u017enosti d\u00e1le zhor\u0161uje.Kde tedy v\u0161echny probl\u00e9my za\u010daly?V\u00a0dob\u011b kolonizace a otroctv\u00ed byly africk\u00e9 zem\u011b okradeny o sv\u00e9 p\u0159\u00edrodn\u00ed bohatstv\u00ed i lidskou s\u00edlu, co\u017e zp\u016fsobilo propad v\u00a0ekonomice, kter\u00fd d\u00e1le pokra\u010doval, kdy\u017e zem\u011b prvn\u00edho sv\u011bta \u2013 pod z\u00e1minkou pomoci \u2013 otev\u0159ely nadn\u00e1rodn\u00ed firmy v\u00a0Africe. Tyto firmy m\u011bly p\u0159in\u00e9st zam\u011bstn\u00e1n\u00ed a mo\u017enost bohat\u0161\u00edho \u017eivota pro statis\u00edce obyvatel, ve skute\u010dnosti v\u0161ak pracovn\u00edci dost\u00e1vali minim\u00e1ln\u00ed plat a v\u00fdd\u011blky firem prosp\u00edvali pouze ekonomice zem\u00ed, kter\u00e9 je vlastnily.\u017divotn\u00ed \u00farove\u0148 ve v\u011bt\u0161in\u011b \u010d\u00e1st\u00ed Afriky se nad\u00e1le sni\u017eovala, a\u017e na m\u00edsta, kter\u00e1 za\u010dala vyd\u011bl\u00e1vat na cestovn\u00edm ruchu. I v\u00a0t\u011bchto oblastech v\u0161ak vl\u00e1dla znateln\u00e1 chudoba mezi oby\u010dejn\u00fdmi lidmi, vzhledem k\u00a0tomu, \u017ee v\u011bt\u0161inu hotel\u016f vlastnili zahrani\u010dn\u00ed investo\u0159i a dob\u0159e placeni byli pouze zam\u011bstnanci na vysok\u00fdch pozic\u00edch.V\u00a0sou\u010dasn\u00e9 dob\u011b, po stalet\u00edch boj\u016f proti koloniz\u00e1tor\u016fm i obyvatel\u016fm jin\u00fdch ras, se ekonomick\u00e1 situace Afriky za\u010d\u00edn\u00e1 pomalu ale jist\u011b zlep\u0161ovat \u2013 p\u0159esto v\u0161ak p\u0159etrv\u00e1vaj\u00ed probl\u00e9my, kter\u00e9 br\u00e1n\u00ed efektivn\u00edmu v\u00fdvoji. Mezi n\u011b pat\u0159\u00ed nevzd\u011blanost a chyb\u011bj\u00edc\u00ed finan\u010dn\u00ed gramotnost velk\u00e9 \u010d\u00e1sti populace, korupce, st\u00e1le rostouc\u00ed propast rozd\u00edl\u016f mezi bohat\u00fdmi a chud\u00fdmi, i m\u00edstn\u00ed kultura, kter\u00e1 nepodporuje r\u016fst jedinc\u016f, ale rad\u011bji celku. T\u00edm toti\u017e znemo\u017e\u0148uje zakl\u00e1d\u00e1n\u00ed firem m\u00edstn\u00edmi lidmi, kter\u00e9 by mohly prosp\u011bt ekonomice \u2013 jen m\u00e1lokdo si toti\u017e dok\u00e1\u017ee naspo\u0159it na zalo\u017een\u00ed firmy nebo investov\u00e1n\u00ed, kdy\u017e mus\u00ed z\u00e1rove\u0148 finan\u010dn\u011b podporovat rodinu o sto \u010dlenech.I p\u0159es nep\u0159\u00edzniv\u00e9 podm\u00ednky se v\u0161ak v\u011bt\u0161ina africk\u00fdch zem\u00ed sna\u017e\u00ed o napraven\u00ed ekonomick\u00fdch i ob\u010dansk\u00fdch probl\u00e9m\u016f a zam\u011b\u0159uje se na vzd\u011bl\u00e1v\u00e1n\u00ed sv\u00fdch ob\u010dan\u016f, aby mohla Afrika jako kontinent v\u00a0budoucnu konkurovat sv\u011btov\u00fdm kr\u00e1l\u016fm glob\u00e1ln\u00edho marketu.                                                                                                                                                                                                                                                                                                                                                                                        4.4\/5 - (7 votes)        "},{"@context":"https:\/\/schema.org\/","@type":"BreadcrumbList","itemListElement":[{"@type":"ListItem","position":1,"name":"Ekonomick\u00e1 krize africk\u00fdch zem\u00ed a jej\u00ed ko\u0159eny v kolonizaci i kultu\u0159e","item":"https:\/\/www.jeki.cz\/ekonomicka-krize-africkych-zemi-a-jeji-koreny-v-kolonizaci-i-kulture\/#breadcrumbitem"}]}]